{"id":1652,"date":"2023-07-14T08:00:09","date_gmt":"2023-07-14T11:00:09","guid":{"rendered":"https:\/\/linkflow.com.br\/conheca-as-novas-metas-de-reutilizacao-de-embalagens-da-uniao-europeia\/"},"modified":"2023-07-14T08:00:09","modified_gmt":"2023-07-14T11:00:09","slug":"conheca-as-novas-metas-de-reutilizacao-de-embalagens-da-uniao-europeia","status":"publish","type":"post","link":"https:\/\/linkflow.com.br\/es\/conheca-as-novas-metas-de-reutilizacao-de-embalagens-da-uniao-europeia\/","title":{"rendered":"Conhe\u00e7a as novas metas de reutiliza\u00e7\u00e3o de embalagens da Uni\u00e3o Europeia"},"content":{"rendered":"<h4 class=\"wp-block-heading\">As novas abordagens de reutiliza\u00e7\u00e3o de embalagens n\u00e3o focam somente nos produtos exibidos nas prateleiras dos supermercados, mas tamb\u00e9m nas embalagens utilizadas na cadeia log\u00edstica das opera\u00e7\u00f5es de transporte.<\/h4>\n\n\n\n<p>Uma evolu\u00e7\u00e3o inevit\u00e1vel do conceito de reciclagem, a <strong>reutiliza\u00e7\u00e3o de embalagens<\/strong>, vem ganhando cada vez mais espa\u00e7o no vocabul\u00e1rio internacional. Se trata de ir al\u00e9m da transforma\u00e7\u00e3o de um <a href=\"https:\/\/blog.linkflow.com.br\/aprovacao-de-artes\/embalagens-sustentaveis-consumo-das-pessoas.html\" target=\"_blank\" rel=\"noreferrer noopener\">material descartado<\/a>, \u00e9 sobre a continua\u00e7\u00e3o do uso de um produto, seja na mesma fun\u00e7\u00e3o ou n\u00e3o.<\/p>\n\n\n\n<p>Ciente disso, a <strong>Uni\u00e3o Europeia (UE)<\/strong>, um bloco econ\u00f4mico que re\u00fane 27 Estados do continente europeu, divulgou em 22 novembro de 2022 o <a href=\"https:\/\/europeanway.com.br\/uniao-europeia-discute-novas-regras-sobre-embalagens\/\" target=\"_blank\" rel=\"noreferrer noopener\">Regulamento de Embalagens e Res\u00edduos de Embalagens (PPWR)<\/a>. Ele exp\u00f5e metas de reutiliza\u00e7\u00e3o de embalagens que afetam diretamente a cadeia log\u00edstica das mercadorias.&nbsp;<\/p>\n\n\n\n<p>O regulamento vem gerando muito debate entre os <strong>fabricantes de papel\u00e3o ondulado<\/strong>, os mais atingidos negativamente com a determina\u00e7\u00e3o. E at\u00e9 mesmo integrantes da<strong> ind\u00fastria do pl\u00e1stico<\/strong>, embora entusiasmados com a <a href=\"https:\/\/blog.linkflow.com.br\/vendas\/comercial-da-grafica.html\" target=\"_blank\" rel=\"noreferrer noopener\">abertura de mercado<\/a>, t\u00eam se questionado sobre alguns aspectos da normativa.<\/p>\n\n\n\n<h2 class=\"wp-block-heading\">As novas metas de reutiliza\u00e7\u00e3o de embalagens da UE<\/h2>\n\n\n\n<p>A <strong>Comiss\u00e3o Europeia (CE)<\/strong> adotou a proposta PPWR, <strong>Regulamento de Embalagens e Res\u00edduos de Embalagens<\/strong>, com o objetivo de promover a redu\u00e7\u00e3o, reutiliza\u00e7\u00e3o e reciclagem de embalagens. Um projeto de regulamento que vem de encontro com o <strong>Plano de A\u00e7\u00e3o da UE<\/strong> para a <a href=\"https:\/\/blog.linkflow.com.br\/aprovacao-de-artes\/design-de-embalagem-circular.html\" target=\"_blank\" rel=\"noreferrer noopener\">economia circular<\/a>, j\u00e1 aprovado pelo <strong>Parlamento Europeu<\/strong> em 10 de fevereiro de 2021.&nbsp;<\/p>\n\n\n\n<p>A <strong>regulamenta\u00e7\u00e3o vem em contram\u00e3o<\/strong> da aten\u00e7\u00e3o pol\u00edtica do momento, que se concentra somente nas embalagens dos produtos exibidos nas prateleiras dos supermercados. A nova legisla\u00e7\u00e3o tamb\u00e9m aborda as <strong>embalagens a granel<\/strong>, que s\u00e3o usadas na <strong>cadeia log\u00edstica<\/strong> para proteger as mercadorias contra danos durante as <strong>opera\u00e7\u00f5es de transporte, armazenamento e manuseio<\/strong>.&nbsp;<\/p>\n\n\n\n<p>De acordo com a proposta da Comiss\u00e3o, 10% de todas as mercadorias enviadas dentro da UE ter\u00e3o que ser transportadas em <strong>embalagens reutiliz\u00e1veis at\u00e9 2030<\/strong>. A meta \u00e9 aumentar para <strong>50% at\u00e9 2040<\/strong> para com\u00e9rcio eletr\u00f4nico, <strong>30% para transporte<\/strong> e <strong>25% para estoque<\/strong>.<\/p>\n\n\n\n<h2 class=\"wp-block-heading\">O que dizem os fabricantes de papel\u00e3o<\/h2>\n\n\n\n<p>Para os fabricantes de papel\u00e3o, isso inevitavelmente significar\u00e1 um <strong>aumento de engradados<\/strong> e caixas de pl\u00e1stico para <strong>substituir o papel\u00e3o ondulado<\/strong> de uso \u00fanico, que atualmente \u00e9 a norma em log\u00edstica.<\/p>\n\n\n\n<p>Em entrevista para o <a href=\"https:\/\/www.euractiv.com\/section\/energy-environment\/news\/retailers-brace-for-logistics-impact-of-eus-new-packaging-reuse-targets\/\" target=\"_blank\" rel=\"noreferrer noopener\">portal Euractiv<\/a>, <strong>Eleni Despotou<\/strong>, diretora geral da <strong>Federa\u00e7\u00e3o Europeia dos Fabricantes de Papel\u00e3o Ondulado<\/strong> (<a href=\"https:\/\/www.evolvebrasil.com.br\/post\/c%C3%B3digos-fefco-papel%C3%A3o-ondulado\" target=\"_blank\" rel=\"noreferrer noopener\">FEFCO<\/a>), comentou que a proposta da Comiss\u00e3o n\u00e3o diz explicitamente que a embalagem de pl\u00e1stico \u00e9 melhor, mas ao apresentar metas de reutiliza\u00e7\u00e3o, eles est\u00e3o de fato promovendo <strong>embalagens de origem f\u00f3ssil<\/strong>. E ainda que todo o <strong>setor de varejo ser\u00e1 impactado<\/strong>.<\/p>\n\n\n\n<p>Somente para o setor de <strong>com\u00e9rcio eletr\u00f4nico<\/strong>, isso significa que 700 milh\u00f5es de novas caixas pl\u00e1sticas precisar\u00e3o ser colocadas no mercado para substituir as embalagens de papel\u00e3o ondulado at\u00e9 2030, disse Despotou, referindo-se \u00e0 meta de 10% de embalagens reutiliz\u00e1veis no transporte. Supondo que a meta de reutiliza\u00e7\u00e3o de 2040 para o com\u00e9rcio eletr\u00f4nico seja atingida, <em>\u201cisso significa que 3,5 bilh\u00f5es de novas caixas pl\u00e1sticas ser\u00e3o colocadas no mercado somente em 2040\u201d<\/em>, acrescentou ela.<\/p>\n\n\n\n<h2 class=\"wp-block-heading\">O que dizem os fabricantes de pl\u00e1stico<\/h2>\n\n\n\n<p>A ind\u00fastria do pl\u00e1stico n\u00e3o nega que o aumento do <strong>reaproveitamento de embalagens<\/strong> pode ser uma oportunidade para o setor. Mas tamb\u00e9m aponta poss\u00edveis consequ\u00eancias n\u00e3o intencionais para a cadeia log\u00edstica, como a <a href=\"https:\/\/blog.linkflow.com.br\/geral\/logistica-reversa-de-embalagens.html\" target=\"_blank\" rel=\"noreferrer noopener\">demanda reversa de coleta<\/a> de embalagens e paletes usados no esquema.<\/p>\n\n\n\n<p>Para <strong>David Carroll<\/strong>, diretor de rela\u00e7\u00f5es externas da <strong>Plastics Europe<\/strong>, tamb\u00e9m em <a href=\"https:\/\/www.euractiv.com\/section\/energy-environment\/news\/retailers-brace-for-logistics-impact-of-eus-new-packaging-reuse-targets\/\" target=\"_blank\" rel=\"noreferrer noopener\">entrevista para a Euractiv<\/a>, no transporte, muitas das caixas de paletes j\u00e1 possuem modelos reutiliz\u00e1veis e algumas empresas j\u00e1 est\u00e3o fortemente <strong>engajadas no reaproveitamento<\/strong>. Para ele, trata-se de expandir esse modelo.&nbsp;<\/p>\n\n\n\n<p>At\u00e9 2050, cerca de um ter\u00e7o das embalagens pl\u00e1sticas poder\u00e3o ser reutilizadas ou seguir novos modelos alternativos de entrega em vez do modelo de uso \u00fanico atual, disse Carroll, referindo-se a um estudo independente realizado para a ind\u00fastria no ano passado.<\/p>\n\n\n\n<p>Ao mesmo tempo, ele tamb\u00e9m aponta poss\u00edveis consequ\u00eancias n\u00e3o intencionais para a cadeia log\u00edstica, dizendo que os <strong>varejistas on-line<\/strong>, por exemplo, precisar\u00e3o enviar de volta as caixas vazias a cada entrega, uma medida que provavelmente aumentar\u00e1 as emiss\u00f5es de transporte.<\/p>\n\n\n\n<h2 class=\"wp-block-heading\">Posicionamento da FEFCO<\/h2>\n\n\n\n<p>Em fevereiro deste ano, a federa\u00e7\u00e3o com sede em <strong>Bruxelas <\/strong>divulgou uma nota com a sua posi\u00e7\u00e3o a respeito das inten\u00e7\u00f5es da Comiss\u00e3o Europeia. A <strong>FEFCO <\/strong>relatou que apoia o objetivo de <strong>reduzir os impactos ambientais<\/strong> negativos das embalagens e res\u00edduos de embalagens no funcionamento do mercado interno atrav\u00e9s do Regulamento de Embalagens e Res\u00edduos de Embalagens. Mas, ressaltou que o plano <strong>deve ser economicamente vi\u00e1vel<\/strong>. E que algumas das metas de reutiliza\u00e7\u00e3o da proposta prejudicam esses objetivos e levantam preocupa\u00e7\u00f5es sobre o <strong>futuro das embalagens<\/strong> sustent\u00e1veis e circulares. <a href=\"https:\/\/www.fefco.org\/sites\/default\/files\/files\/FEFCO%20position%20on%20PPWR_2023%281%29.pdf\" target=\"_blank\" rel=\"noreferrer noopener\">(Leia o posicionamento completo da FEFCO sobre o PPWR aqui)<\/a>.<\/p>\n\n\n\n<h2 class=\"wp-block-heading\">A import\u00e2ncia da reutiliza\u00e7\u00e3o das embalagens e o impacto para a marca e o varejo<\/h2>\n\n\n\n<p>A reutiliza\u00e7\u00e3o das embalagens \u00e9 de extrema import\u00e2ncia para <strong>promover a sustentabilidade<\/strong> e reduzir o impacto ambiental. Al\u00e9m disso, essa pr\u00e1tica tamb\u00e9m traz benef\u00edcios significativos para os donos de marcas e para o <a href=\"https:\/\/blog.linkflow.com.br\/vendas\/prateleira-do-supermercado.html\" target=\"_blank\" rel=\"noreferrer noopener\">setor varejista<\/a>.&nbsp;Ao adotar a reutiliza\u00e7\u00e3o, as empresas podem demonstrar seu compromisso com a responsabilidade ambiental. Ou seja, aumentando a fidelidade dos consumidores e <strong>fortalecendo sua imagem<\/strong> de marca sustent\u00e1vel. Al\u00e9m disso, a reutiliza\u00e7\u00e3o das embalagens pode resultar em economia de <a href=\"https:\/\/blog.linkflow.com.br\/aprovacao-de-artes\/custos-da-aprovacao-de-artes.html\" target=\"_blank\" rel=\"noreferrer noopener\">custos para as empresas<\/a>. E por fim, quando for produzir novas embalagens, \u00e9 importante ter um <a href=\"https:\/\/linkflow.com.br\/es\/solucoes\/gestao-marcas\/\" target=\"_blank\" rel=\"noreferrer noopener\">programa que ajude a organizar as informa\u00e7\u00f5es<\/a>, evitando retrabalhos e desperd\u00edcio de insumos!<\/p>","protected":false},"excerpt":{"rendered":"<p>As novas abordagens de reutiliza\u00e7\u00e3o de embalagens n\u00e3o focam somente nos produtos exibidos nas prateleiras dos supermercados, mas tamb\u00e9m nas embalagens utilizadas na cadeia log\u00edstica das opera\u00e7\u00f5es de transporte. Uma evolu\u00e7\u00e3o inevit\u00e1vel do conceito de reciclagem, a reutiliza\u00e7\u00e3o de embalagens, vem ganhando cada vez mais espa\u00e7o no vocabul\u00e1rio internacional. Se trata de ir al\u00e9m da [&hellip;]<\/p>\n","protected":false},"author":1,"featured_media":1653,"comment_status":"open","ping_status":"open","sticky":false,"template":"","format":"standard","meta":{"footnotes":""},"categories":[13],"tags":[],"class_list":["post-1652","post","type-post","status-publish","format-standard","has-post-thumbnail","hentry","category-gestao-de-marcas"],"yoast_head":"<!-- This site is optimized with the Yoast SEO plugin v27.3 - https:\/\/yoast.com\/product\/yoast-seo-wordpress\/ -->\n<title>Conhe\u00e7a as novas metas de reutiliza\u00e7\u00e3o de embalagens da Uni\u00e3o Europeia | LinkFlow Sistemas<\/title>\n<meta name=\"robots\" content=\"index, follow, max-snippet:-1, max-image-preview:large, max-video-preview:-1\" \/>\n<link rel=\"canonical\" href=\"https:\/\/linkflow.com.br\/es\/conheca-as-novas-metas-de-reutilizacao-de-embalagens-da-uniao-europeia\/\" \/>\n<meta property=\"og:locale\" content=\"es_ES\" \/>\n<meta property=\"og:type\" content=\"article\" \/>\n<meta property=\"og:title\" content=\"Conhe\u00e7a as novas metas de reutiliza\u00e7\u00e3o de embalagens da Uni\u00e3o Europeia | LinkFlow Sistemas\" \/>\n<meta property=\"og:description\" content=\"As novas abordagens de reutiliza\u00e7\u00e3o de embalagens n\u00e3o focam somente nos produtos exibidos nas prateleiras dos supermercados, mas tamb\u00e9m nas embalagens utilizadas na cadeia log\u00edstica das opera\u00e7\u00f5es de transporte. Uma evolu\u00e7\u00e3o inevit\u00e1vel do conceito de reciclagem, a reutiliza\u00e7\u00e3o de embalagens, vem ganhando cada vez mais espa\u00e7o no vocabul\u00e1rio internacional. Se trata de ir al\u00e9m da [&hellip;]\" \/>\n<meta property=\"og:url\" content=\"https:\/\/linkflow.com.br\/es\/conheca-as-novas-metas-de-reutilizacao-de-embalagens-da-uniao-europeia\/\" \/>\n<meta property=\"og:site_name\" content=\"LinkFlow Sistemas\" \/>\n<meta property=\"article:published_time\" content=\"2023-07-14T11:00:09+00:00\" \/>\n<meta property=\"og:image\" content=\"https:\/\/linkflow.com.br\/wp-content\/uploads\/2025\/04\/Conheca-as-novas-metas-de-reutilizacao-de-embalagens-da-Uniao-Europeia.jpg\" \/>\n\t<meta property=\"og:image:width\" content=\"1200\" \/>\n\t<meta property=\"og:image:height\" content=\"628\" \/>\n\t<meta property=\"og:image:type\" content=\"image\/jpeg\" \/>\n<meta name=\"author\" content=\"admin\" \/>\n<meta name=\"twitter:card\" content=\"summary_large_image\" \/>\n<script type=\"application\/ld+json\" class=\"yoast-schema-graph\">{\"@context\":\"https:\\\/\\\/schema.org\",\"@graph\":[{\"@type\":\"Article\",\"@id\":\"https:\\\/\\\/linkflow.com.br\\\/conheca-as-novas-metas-de-reutilizacao-de-embalagens-da-uniao-europeia\\\/#article\",\"isPartOf\":{\"@id\":\"https:\\\/\\\/linkflow.com.br\\\/conheca-as-novas-metas-de-reutilizacao-de-embalagens-da-uniao-europeia\\\/\"},\"author\":{\"name\":\"admin\",\"@id\":\"https:\\\/\\\/linkflow.com.br\\\/pt\\\/#\\\/schema\\\/person\\\/9e0448c2b1554d8279a08ed37fe6db28\"},\"headline\":\"Conhe\u00e7a as novas metas de reutiliza\u00e7\u00e3o de embalagens da Uni\u00e3o Europeia\",\"datePublished\":\"2023-07-14T11:00:09+00:00\",\"mainEntityOfPage\":{\"@id\":\"https:\\\/\\\/linkflow.com.br\\\/conheca-as-novas-metas-de-reutilizacao-de-embalagens-da-uniao-europeia\\\/\"},\"wordCount\":1007,\"commentCount\":0,\"publisher\":{\"@id\":\"https:\\\/\\\/linkflow.com.br\\\/pt\\\/#organization\"},\"image\":{\"@id\":\"https:\\\/\\\/linkflow.com.br\\\/conheca-as-novas-metas-de-reutilizacao-de-embalagens-da-uniao-europeia\\\/#primaryimage\"},\"thumbnailUrl\":\"https:\\\/\\\/linkflow.com.br\\\/wp-content\\\/uploads\\\/2025\\\/04\\\/Conheca-as-novas-metas-de-reutilizacao-de-embalagens-da-Uniao-Europeia.jpg\",\"articleSection\":[\"Gest\u00e3o de Marcas\"],\"inLanguage\":\"es\",\"potentialAction\":[{\"@type\":\"CommentAction\",\"name\":\"Comment\",\"target\":[\"https:\\\/\\\/linkflow.com.br\\\/conheca-as-novas-metas-de-reutilizacao-de-embalagens-da-uniao-europeia\\\/#respond\"]}]},{\"@type\":\"WebPage\",\"@id\":\"https:\\\/\\\/linkflow.com.br\\\/conheca-as-novas-metas-de-reutilizacao-de-embalagens-da-uniao-europeia\\\/\",\"url\":\"https:\\\/\\\/linkflow.com.br\\\/conheca-as-novas-metas-de-reutilizacao-de-embalagens-da-uniao-europeia\\\/\",\"name\":\"Conhe\u00e7a as novas metas de reutiliza\u00e7\u00e3o de embalagens da Uni\u00e3o Europeia | LinkFlow Sistemas\",\"isPartOf\":{\"@id\":\"https:\\\/\\\/linkflow.com.br\\\/pt\\\/#website\"},\"primaryImageOfPage\":{\"@id\":\"https:\\\/\\\/linkflow.com.br\\\/conheca-as-novas-metas-de-reutilizacao-de-embalagens-da-uniao-europeia\\\/#primaryimage\"},\"image\":{\"@id\":\"https:\\\/\\\/linkflow.com.br\\\/conheca-as-novas-metas-de-reutilizacao-de-embalagens-da-uniao-europeia\\\/#primaryimage\"},\"thumbnailUrl\":\"https:\\\/\\\/linkflow.com.br\\\/wp-content\\\/uploads\\\/2025\\\/04\\\/Conheca-as-novas-metas-de-reutilizacao-de-embalagens-da-Uniao-Europeia.jpg\",\"datePublished\":\"2023-07-14T11:00:09+00:00\",\"breadcrumb\":{\"@id\":\"https:\\\/\\\/linkflow.com.br\\\/conheca-as-novas-metas-de-reutilizacao-de-embalagens-da-uniao-europeia\\\/#breadcrumb\"},\"inLanguage\":\"es\",\"potentialAction\":[{\"@type\":\"ReadAction\",\"target\":[\"https:\\\/\\\/linkflow.com.br\\\/conheca-as-novas-metas-de-reutilizacao-de-embalagens-da-uniao-europeia\\\/\"]}]},{\"@type\":\"ImageObject\",\"inLanguage\":\"es\",\"@id\":\"https:\\\/\\\/linkflow.com.br\\\/conheca-as-novas-metas-de-reutilizacao-de-embalagens-da-uniao-europeia\\\/#primaryimage\",\"url\":\"https:\\\/\\\/linkflow.com.br\\\/wp-content\\\/uploads\\\/2025\\\/04\\\/Conheca-as-novas-metas-de-reutilizacao-de-embalagens-da-Uniao-Europeia.jpg\",\"contentUrl\":\"https:\\\/\\\/linkflow.com.br\\\/wp-content\\\/uploads\\\/2025\\\/04\\\/Conheca-as-novas-metas-de-reutilizacao-de-embalagens-da-Uniao-Europeia.jpg\",\"width\":1200,\"height\":628},{\"@type\":\"BreadcrumbList\",\"@id\":\"https:\\\/\\\/linkflow.com.br\\\/conheca-as-novas-metas-de-reutilizacao-de-embalagens-da-uniao-europeia\\\/#breadcrumb\",\"itemListElement\":[{\"@type\":\"ListItem\",\"position\":1,\"name\":\"In\u00edcio\",\"item\":\"https:\\\/\\\/linkflow.com.br\\\/pt\\\/\"},{\"@type\":\"ListItem\",\"position\":2,\"name\":\"Conhe\u00e7a as novas metas de reutiliza\u00e7\u00e3o de embalagens da Uni\u00e3o Europeia\"}]},{\"@type\":\"WebSite\",\"@id\":\"https:\\\/\\\/linkflow.com.br\\\/pt\\\/#website\",\"url\":\"https:\\\/\\\/linkflow.com.br\\\/pt\\\/\",\"name\":\"Linkflow Sistemas\",\"description\":\"\",\"publisher\":{\"@id\":\"https:\\\/\\\/linkflow.com.br\\\/pt\\\/#organization\"},\"potentialAction\":[{\"@type\":\"SearchAction\",\"target\":{\"@type\":\"EntryPoint\",\"urlTemplate\":\"https:\\\/\\\/linkflow.com.br\\\/pt\\\/?s={search_term_string}\"},\"query-input\":{\"@type\":\"PropertyValueSpecification\",\"valueRequired\":true,\"valueName\":\"search_term_string\"}}],\"inLanguage\":\"es\"},{\"@type\":\"Organization\",\"@id\":\"https:\\\/\\\/linkflow.com.br\\\/pt\\\/#organization\",\"name\":\"Linkflow Sistemas\",\"url\":\"https:\\\/\\\/linkflow.com.br\\\/pt\\\/\",\"logo\":{\"@type\":\"ImageObject\",\"inLanguage\":\"es\",\"@id\":\"https:\\\/\\\/linkflow.com.br\\\/pt\\\/#\\\/schema\\\/logo\\\/image\\\/\",\"url\":\"https:\\\/\\\/linkflow.com.br\\\/wp-content\\\/uploads\\\/2025\\\/03\\\/favicon.png\",\"contentUrl\":\"https:\\\/\\\/linkflow.com.br\\\/wp-content\\\/uploads\\\/2025\\\/03\\\/favicon.png\",\"width\":512,\"height\":512,\"caption\":\"Linkflow Sistemas\"},\"image\":{\"@id\":\"https:\\\/\\\/linkflow.com.br\\\/pt\\\/#\\\/schema\\\/logo\\\/image\\\/\"}},{\"@type\":\"Person\",\"@id\":\"https:\\\/\\\/linkflow.com.br\\\/pt\\\/#\\\/schema\\\/person\\\/9e0448c2b1554d8279a08ed37fe6db28\",\"name\":\"admin\",\"image\":{\"@type\":\"ImageObject\",\"inLanguage\":\"es\",\"@id\":\"https:\\\/\\\/secure.gravatar.com\\\/avatar\\\/0c66a1a4b6002b5b2485bb108d4b5e241e33d647ff39cf1032387ee636bd52ad?s=96&d=mm&r=g\",\"url\":\"https:\\\/\\\/secure.gravatar.com\\\/avatar\\\/0c66a1a4b6002b5b2485bb108d4b5e241e33d647ff39cf1032387ee636bd52ad?s=96&d=mm&r=g\",\"contentUrl\":\"https:\\\/\\\/secure.gravatar.com\\\/avatar\\\/0c66a1a4b6002b5b2485bb108d4b5e241e33d647ff39cf1032387ee636bd52ad?s=96&d=mm&r=g\",\"caption\":\"admin\"},\"sameAs\":[\"https:\\\/\\\/linkflow.com.br\"],\"url\":\"https:\\\/\\\/linkflow.com.br\\\/es\\\/author\\\/admin\\\/\"}]}<\/script>\n<!-- \/ Yoast SEO plugin. -->","yoast_head_json":{"title":"Conhe\u00e7a as novas metas de reutiliza\u00e7\u00e3o de embalagens da Uni\u00e3o Europeia | LinkFlow Sistemas","robots":{"index":"index","follow":"follow","max-snippet":"max-snippet:-1","max-image-preview":"max-image-preview:large","max-video-preview":"max-video-preview:-1"},"canonical":"https:\/\/linkflow.com.br\/es\/conheca-as-novas-metas-de-reutilizacao-de-embalagens-da-uniao-europeia\/","og_locale":"es_ES","og_type":"article","og_title":"Conhe\u00e7a as novas metas de reutiliza\u00e7\u00e3o de embalagens da Uni\u00e3o Europeia | LinkFlow Sistemas","og_description":"As novas abordagens de reutiliza\u00e7\u00e3o de embalagens n\u00e3o focam somente nos produtos exibidos nas prateleiras dos supermercados, mas tamb\u00e9m nas embalagens utilizadas na cadeia log\u00edstica das opera\u00e7\u00f5es de transporte. Uma evolu\u00e7\u00e3o inevit\u00e1vel do conceito de reciclagem, a reutiliza\u00e7\u00e3o de embalagens, vem ganhando cada vez mais espa\u00e7o no vocabul\u00e1rio internacional. Se trata de ir al\u00e9m da [&hellip;]","og_url":"https:\/\/linkflow.com.br\/es\/conheca-as-novas-metas-de-reutilizacao-de-embalagens-da-uniao-europeia\/","og_site_name":"LinkFlow Sistemas","article_published_time":"2023-07-14T11:00:09+00:00","og_image":[{"width":1200,"height":628,"url":"https:\/\/linkflow.com.br\/wp-content\/uploads\/2025\/04\/Conheca-as-novas-metas-de-reutilizacao-de-embalagens-da-Uniao-Europeia.jpg","type":"image\/jpeg"}],"author":"admin","twitter_card":"summary_large_image","schema":{"@context":"https:\/\/schema.org","@graph":[{"@type":"Article","@id":"https:\/\/linkflow.com.br\/conheca-as-novas-metas-de-reutilizacao-de-embalagens-da-uniao-europeia\/#article","isPartOf":{"@id":"https:\/\/linkflow.com.br\/conheca-as-novas-metas-de-reutilizacao-de-embalagens-da-uniao-europeia\/"},"author":{"name":"admin","@id":"https:\/\/linkflow.com.br\/pt\/#\/schema\/person\/9e0448c2b1554d8279a08ed37fe6db28"},"headline":"Conhe\u00e7a as novas metas de reutiliza\u00e7\u00e3o de embalagens da Uni\u00e3o Europeia","datePublished":"2023-07-14T11:00:09+00:00","mainEntityOfPage":{"@id":"https:\/\/linkflow.com.br\/conheca-as-novas-metas-de-reutilizacao-de-embalagens-da-uniao-europeia\/"},"wordCount":1007,"commentCount":0,"publisher":{"@id":"https:\/\/linkflow.com.br\/pt\/#organization"},"image":{"@id":"https:\/\/linkflow.com.br\/conheca-as-novas-metas-de-reutilizacao-de-embalagens-da-uniao-europeia\/#primaryimage"},"thumbnailUrl":"https:\/\/linkflow.com.br\/wp-content\/uploads\/2025\/04\/Conheca-as-novas-metas-de-reutilizacao-de-embalagens-da-Uniao-Europeia.jpg","articleSection":["Gest\u00e3o de Marcas"],"inLanguage":"es","potentialAction":[{"@type":"CommentAction","name":"Comment","target":["https:\/\/linkflow.com.br\/conheca-as-novas-metas-de-reutilizacao-de-embalagens-da-uniao-europeia\/#respond"]}]},{"@type":"WebPage","@id":"https:\/\/linkflow.com.br\/conheca-as-novas-metas-de-reutilizacao-de-embalagens-da-uniao-europeia\/","url":"https:\/\/linkflow.com.br\/conheca-as-novas-metas-de-reutilizacao-de-embalagens-da-uniao-europeia\/","name":"Conhe\u00e7a as novas metas de reutiliza\u00e7\u00e3o de embalagens da Uni\u00e3o Europeia | LinkFlow Sistemas","isPartOf":{"@id":"https:\/\/linkflow.com.br\/pt\/#website"},"primaryImageOfPage":{"@id":"https:\/\/linkflow.com.br\/conheca-as-novas-metas-de-reutilizacao-de-embalagens-da-uniao-europeia\/#primaryimage"},"image":{"@id":"https:\/\/linkflow.com.br\/conheca-as-novas-metas-de-reutilizacao-de-embalagens-da-uniao-europeia\/#primaryimage"},"thumbnailUrl":"https:\/\/linkflow.com.br\/wp-content\/uploads\/2025\/04\/Conheca-as-novas-metas-de-reutilizacao-de-embalagens-da-Uniao-Europeia.jpg","datePublished":"2023-07-14T11:00:09+00:00","breadcrumb":{"@id":"https:\/\/linkflow.com.br\/conheca-as-novas-metas-de-reutilizacao-de-embalagens-da-uniao-europeia\/#breadcrumb"},"inLanguage":"es","potentialAction":[{"@type":"ReadAction","target":["https:\/\/linkflow.com.br\/conheca-as-novas-metas-de-reutilizacao-de-embalagens-da-uniao-europeia\/"]}]},{"@type":"ImageObject","inLanguage":"es","@id":"https:\/\/linkflow.com.br\/conheca-as-novas-metas-de-reutilizacao-de-embalagens-da-uniao-europeia\/#primaryimage","url":"https:\/\/linkflow.com.br\/wp-content\/uploads\/2025\/04\/Conheca-as-novas-metas-de-reutilizacao-de-embalagens-da-Uniao-Europeia.jpg","contentUrl":"https:\/\/linkflow.com.br\/wp-content\/uploads\/2025\/04\/Conheca-as-novas-metas-de-reutilizacao-de-embalagens-da-Uniao-Europeia.jpg","width":1200,"height":628},{"@type":"BreadcrumbList","@id":"https:\/\/linkflow.com.br\/conheca-as-novas-metas-de-reutilizacao-de-embalagens-da-uniao-europeia\/#breadcrumb","itemListElement":[{"@type":"ListItem","position":1,"name":"In\u00edcio","item":"https:\/\/linkflow.com.br\/pt\/"},{"@type":"ListItem","position":2,"name":"Conhe\u00e7a as novas metas de reutiliza\u00e7\u00e3o de embalagens da Uni\u00e3o Europeia"}]},{"@type":"WebSite","@id":"https:\/\/linkflow.com.br\/pt\/#website","url":"https:\/\/linkflow.com.br\/pt\/","name":"Linkflow Sistemas","description":"","publisher":{"@id":"https:\/\/linkflow.com.br\/pt\/#organization"},"potentialAction":[{"@type":"SearchAction","target":{"@type":"EntryPoint","urlTemplate":"https:\/\/linkflow.com.br\/pt\/?s={search_term_string}"},"query-input":{"@type":"PropertyValueSpecification","valueRequired":true,"valueName":"search_term_string"}}],"inLanguage":"es"},{"@type":"Organization","@id":"https:\/\/linkflow.com.br\/pt\/#organization","name":"Linkflow Sistemas","url":"https:\/\/linkflow.com.br\/pt\/","logo":{"@type":"ImageObject","inLanguage":"es","@id":"https:\/\/linkflow.com.br\/pt\/#\/schema\/logo\/image\/","url":"https:\/\/linkflow.com.br\/wp-content\/uploads\/2025\/03\/favicon.png","contentUrl":"https:\/\/linkflow.com.br\/wp-content\/uploads\/2025\/03\/favicon.png","width":512,"height":512,"caption":"Linkflow Sistemas"},"image":{"@id":"https:\/\/linkflow.com.br\/pt\/#\/schema\/logo\/image\/"}},{"@type":"Person","@id":"https:\/\/linkflow.com.br\/pt\/#\/schema\/person\/9e0448c2b1554d8279a08ed37fe6db28","name":"admin","image":{"@type":"ImageObject","inLanguage":"es","@id":"https:\/\/secure.gravatar.com\/avatar\/0c66a1a4b6002b5b2485bb108d4b5e241e33d647ff39cf1032387ee636bd52ad?s=96&d=mm&r=g","url":"https:\/\/secure.gravatar.com\/avatar\/0c66a1a4b6002b5b2485bb108d4b5e241e33d647ff39cf1032387ee636bd52ad?s=96&d=mm&r=g","contentUrl":"https:\/\/secure.gravatar.com\/avatar\/0c66a1a4b6002b5b2485bb108d4b5e241e33d647ff39cf1032387ee636bd52ad?s=96&d=mm&r=g","caption":"admin"},"sameAs":["https:\/\/linkflow.com.br"],"url":"https:\/\/linkflow.com.br\/es\/author\/admin\/"}]}},"_links":{"self":[{"href":"https:\/\/linkflow.com.br\/es\/wp-json\/wp\/v2\/posts\/1652","targetHints":{"allow":["GET"]}}],"collection":[{"href":"https:\/\/linkflow.com.br\/es\/wp-json\/wp\/v2\/posts"}],"about":[{"href":"https:\/\/linkflow.com.br\/es\/wp-json\/wp\/v2\/types\/post"}],"author":[{"embeddable":true,"href":"https:\/\/linkflow.com.br\/es\/wp-json\/wp\/v2\/users\/1"}],"replies":[{"embeddable":true,"href":"https:\/\/linkflow.com.br\/es\/wp-json\/wp\/v2\/comments?post=1652"}],"version-history":[{"count":0,"href":"https:\/\/linkflow.com.br\/es\/wp-json\/wp\/v2\/posts\/1652\/revisions"}],"wp:featuredmedia":[{"embeddable":true,"href":"https:\/\/linkflow.com.br\/es\/wp-json\/wp\/v2\/media\/1653"}],"wp:attachment":[{"href":"https:\/\/linkflow.com.br\/es\/wp-json\/wp\/v2\/media?parent=1652"}],"wp:term":[{"taxonomy":"category","embeddable":true,"href":"https:\/\/linkflow.com.br\/es\/wp-json\/wp\/v2\/categories?post=1652"},{"taxonomy":"post_tag","embeddable":true,"href":"https:\/\/linkflow.com.br\/es\/wp-json\/wp\/v2\/tags?post=1652"}],"curies":[{"name":"wp","href":"https:\/\/api.w.org\/{rel}","templated":true}]}}